{"id":8268,"date":"2026-09-04T12:36:31","date_gmt":"2026-09-04T11:36:31","guid":{"rendered":"https:\/\/irriga.es\/?p=8268"},"modified":"2026-09-04T13:35:07","modified_gmt":"2026-09-04T12:35:07","slug":"tinvitem-a-la-fira-agrobiotech-a-lleida","status":"publish","type":"post","link":"https:\/\/irriga.es\/index.php\/2026\/09\/04\/tinvitem-a-la-fira-agrobiotech-a-lleida\/","title":{"rendered":"T&#8217;invitem a la fira AGROBIOTECH a Lleida"},"content":{"rendered":"<p>[et_pb_section fb_built=&#8221;1&#8243; _builder_version=&#8221;4.27.4&#8243; _module_preset=&#8221;default&#8221; global_colors_info=&#8221;{}&#8221; theme_builder_area=&#8221;post_content&#8221;][et_pb_row _builder_version=&#8221;4.27.4&#8243; _module_preset=&#8221;default&#8221; global_colors_info=&#8221;{}&#8221; theme_builder_area=&#8221;post_content&#8221;][et_pb_column type=&#8221;4_4&#8243; _builder_version=&#8221;4.27.4&#8243; _module_preset=&#8221;default&#8221; global_colors_info=&#8221;{}&#8221; theme_builder_area=&#8221;post_content&#8221;][et_pb_text _builder_version=&#8221;4.27.4&#8243; _module_preset=&#8221;default&#8221; global_colors_info=&#8221;{}&#8221; theme_builder_area=&#8221;post_content&#8221;]<\/p>\n<h1 style=\"text-align: center;\"><span style=\"color: #8cc63f;\">T\u2019invitem a la fira AGROBIOTECH on estarem presents!<\/span><\/h1>\n<h2 style=\"text-align: justify;\"><span>Els dies <\/span><strong><span>27, 28 i 29 d\u2019octubre<\/span><\/strong><span> serem a la fira AGROBIOTECH &#8211; un punt de trobada per a la <\/span><strong><span>innovaci\u00f3, la sostenibilitat i la tecnologia aplicada al sector agrobiotech<\/span><\/strong><span>.<\/span><span style=\"color: #8cc63f;\"><\/span><\/h2>\n<p><span><\/span><\/p>\n<p style=\"text-align: center;\"><span>\ud83d\udccd <strong>Visita\u2019ns a l\u2019estand 5090 del pavell\u00f3 5<\/strong><\/span><\/p>\n<p class=\"isSelectedEnd\" style=\"text-align: center;\"><span>Vine a con\u00e8ixer les nostres solucions i parla amb el nostre equip sobre:<\/span><\/p>\n<p style=\"text-align: center;\"><span><strong><\/strong><\/span><\/p>\n<p style=\"text-align: center;\"><span><strong><\/strong><\/span><\/p>\n<p><span style=\"color: #8cc63f;\"><\/span><\/p>\n<p>[\/et_pb_text][et_pb_toggle title=&#8221;Reg de precisi\u00f3, adaptat a les necessitats de cada cultiu i finca.&#8221; open_toggle_text_color=&#8221;#54C8E8&#8243; open_toggle_background_color=&#8221;#FFFFFF&#8221; closed_toggle_background_color=&#8221;#FFFFFF&#8221; icon_color=&#8221;#8CC63F&#8221; _builder_version=&#8221;4.27.4&#8243; _module_preset=&#8221;default&#8221; title_text_color=&#8221;#54C8E8&#8243; border_color_all=&#8221;#54C8E8&#8243; global_colors_info=&#8221;{}&#8221; theme_builder_area=&#8221;post_content&#8221;][\/et_pb_toggle][et_pb_toggle title=&#8221;Noves tecnologies i solucions innovadores per millorar l\u2019efici\u00e8ncia del reg.&#8221; open_toggle_text_color=&#8221;#54C8E8&#8243; open_toggle_background_color=&#8221;#FFFFFF&#8221; closed_toggle_background_color=&#8221;#FFFFFF&#8221; icon_color=&#8221;#8CC63F&#8221; _builder_version=&#8221;4.27.4&#8243; _module_preset=&#8221;default&#8221; title_text_color=&#8221;#54C8E8&#8243; border_color_all=&#8221;#54C8E8&#8243; global_colors_info=&#8221;{}&#8221; theme_builder_area=&#8221;post_content&#8221;][\/et_pb_toggle][et_pb_toggle title=&#8221;Impermeabilitzaci\u00f3 de basses, amb o sense coberta.&#8221; open_toggle_text_color=&#8221;#54C8E8&#8243; open_toggle_background_color=&#8221;#FFFFFF&#8221; closed_toggle_background_color=&#8221;#FFFFFF&#8221; icon_color=&#8221;#8CC63F&#8221; _builder_version=&#8221;4.27.4&#8243; _module_preset=&#8221;default&#8221; title_text_color=&#8221;#54C8E8&#8243; border_color_all=&#8221;#54C8E8&#8243; global_colors_info=&#8221;{}&#8221; theme_builder_area=&#8221;post_content&#8221;][\/et_pb_toggle][et_pb_toggle title=&#8221;Injecci\u00f3 de la fracci\u00f3 l\u00edquida de les dejeccions ramaderes al sistema de reg per aprofitar-la com a fertilitzant.&#8221; open_toggle_text_color=&#8221;#54C8E8&#8243; open_toggle_background_color=&#8221;#FFFFFF&#8221; closed_toggle_background_color=&#8221;#FFFFFF&#8221; icon_color=&#8221;#8CC63F&#8221; _builder_version=&#8221;4.27.4&#8243; _module_preset=&#8221;default&#8221; title_text_color=&#8221;#54C8E8&#8243; border_color_all=&#8221;#54C8E8&#8243; global_colors_info=&#8221;{}&#8221; theme_builder_area=&#8221;post_content&#8221;][\/et_pb_toggle][et_pb_text _builder_version=&#8221;4.27.4&#8243; _module_preset=&#8221;default&#8221; global_colors_info=&#8221;{}&#8221; theme_builder_area=&#8221;post_content&#8221;]<\/p>\n<p><span>I, sobretot, <\/span><strong><span>vine a saludar-nos!<\/span><\/strong><span> Podr\u00e0s compartir una estona amb el nostre equip, picar <strong>una mica de bon pernil<\/strong> i gaudir <strong>d\u2019una cervesa ben fresqueta<\/strong>. <\/span><\/p>\n<p>[\/et_pb_text][et_pb_text _builder_version=&#8221;4.27.4&#8243; _module_preset=&#8221;default&#8221; theme_builder_area=&#8221;post_content&#8221; hover_enabled=&#8221;0&#8243; sticky_enabled=&#8221;0&#8243;]<\/p>\n<h2 style=\"text-align: center;\"><span style=\"color: #8cc63f;\">Com a agra\u00efment per la vostra confian\u00e7a, t\u2019invitem a la fira!<\/span><\/h2>\n<p><span style=\"color: rgba(0, 0, 0, 0.91);\"><\/span><\/p>\n<p style=\"text-align: center;\"><span style=\"color: rgba(0, 62, 81, 0.97);\"><strong>Per aconseguir la teva entrada, nom\u00e9s has d\u2019accedir al seg\u00fcent enlla\u00e7 i completar la inscripci\u00f3:<\/strong><\/span><\/p>\n<p>[\/et_pb_text][et_pb_button button_text=&#8221;Aconsegueix la teva entrada&#8221; _builder_version=&#8221;4.27.4&#8243; _module_preset=&#8221;default&#8221; theme_builder_area=&#8221;post_content&#8221; button_alignment=&#8221;center&#8221; background_layout=&#8221;dark&#8221; hover_enabled=&#8221;0&#8243; sticky_enabled=&#8221;0&#8243; button_url=&#8221;https:\/\/agrobiotechforum.com\/expositors\/irriga-water-solutions\/&#8221;][\/et_pb_button][et_pb_image src=&#8221;https:\/\/irriga.es\/wp-content\/uploads\/2026\/09\/1.jpg&#8221; _builder_version=&#8221;4.27.4&#8243; _module_preset=&#8221;default&#8221; theme_builder_area=&#8221;post_content&#8221; alt=&#8221;FIRA AGROBIOTECH&#8221; title_text=&#8221;1&#8243; hover_enabled=&#8221;0&#8243; sticky_enabled=&#8221;0&#8243;][\/et_pb_image][et_pb_countdown_timer title=&#8221;falten&#8221; date_time=&#8221;2026-10-27 09:00&#8243; _builder_version=&#8221;4.27.4&#8243; _module_preset=&#8221;default&#8221; theme_builder_area=&#8221;post_content&#8221; hover_enabled=&#8221;0&#8243; sticky_enabled=&#8221;0&#8243;][\/et_pb_countdown_timer][\/et_pb_column][\/et_pb_row][\/et_pb_section]<\/p>\n","protected":false},"excerpt":{"rendered":"<p>T\u2019invitem a la fira AGROBIOTECH on estarem presents! Els dies 27, 28 i 29 d\u2019octubre serem a la fira AGROBIOTECH &#8211; un punt de trobada per a la innovaci\u00f3, la sostenibilitat i la tecnologia aplicada al sector agrobiotech. \ud83d\udccd Visita\u2019ns a l\u2019estand 5090 del pavell\u00f3 5 Vine a con\u00e8ixer les nostres solucions i parla amb [&hellip;]<\/p>\n","protected":false},"author":1,"featured_media":8270,"comment_status":"closed","ping_status":"closed","sticky":false,"template":"","format":"standard","meta":{"_et_pb_use_builder":"on","_et_pb_old_content":"","_et_gb_content_width":"","_monsterinsights_skip_tracking":false,"footnotes":""},"categories":[1],"tags":[],"class_list":["post-8268","post","type-post","status-publish","format-standard","has-post-thumbnail","hentry","category-corporatiu"],"yoast_head":"<!-- This site is optimized with the Yoast SEO plugin v27.8 - https:\/\/yoast.com\/product\/yoast-seo-wordpress\/ -->\n<title>T&#039;invitem a la fira AGROBIOTECH a Lleida - Irriga Water Solutions<\/title>\n<meta name=\"description\" content=\"Els dies 27-29 d&#039;octubre estarem a la fira Agrobiotech a Lleida. Contact&#039;ans per rebre la teva invitaci\u00f3 gratu\u00efta!\" \/>\n<meta name=\"robots\" content=\"index, follow, max-snippet:-1, max-image-preview:large, max-video-preview:-1\" \/>\n<link rel=\"canonical\" href=\"https:\/\/irriga.es\/index.php\/2026\/09\/04\/tinvitem-a-la-fira-agrobiotech-a-lleida\/\" \/>\n<meta property=\"og:locale\" content=\"ca_ES\" \/>\n<meta property=\"og:type\" content=\"article\" \/>\n<meta property=\"og:title\" content=\"T&#039;invitem a la fira AGROBIOTECH a Lleida - Irriga Water Solutions\" \/>\n<meta property=\"og:description\" content=\"Els dies 27-29 d&#039;octubre estarem a la fira Agrobiotech a Lleida. Contact&#039;ans per rebre la teva invitaci\u00f3 gratu\u00efta!\" \/>\n<meta property=\"og:url\" content=\"https:\/\/irriga.es\/index.php\/2026\/09\/04\/tinvitem-a-la-fira-agrobiotech-a-lleida\/\" \/>\n<meta property=\"og:site_name\" content=\"Irriga Water Solutions\" \/>\n<meta property=\"article:published_time\" content=\"2026-09-04T11:36:31+00:00\" \/>\n<meta property=\"article:modified_time\" content=\"2026-09-04T12:35:07+00:00\" \/>\n<meta property=\"og:image\" content=\"https:\/\/irriga.es\/wp-content\/uploads\/2026\/09\/IRRIGA-1.jpg\" \/>\n\t<meta property=\"og:image:width\" content=\"800\" \/>\n\t<meta property=\"og:image:height\" content=\"1000\" \/>\n\t<meta property=\"og:image:type\" content=\"image\/jpeg\" \/>\n<meta name=\"author\" content=\"admin\" \/>\n<meta name=\"twitter:card\" content=\"summary_large_image\" \/>\n<meta name=\"twitter:label1\" content=\"Escrit per\" \/>\n\t<meta name=\"twitter:data1\" content=\"admin\" \/>\n\t<meta name=\"twitter:label2\" content=\"Temps estimat de lectura\" \/>\n\t<meta name=\"twitter:data2\" content=\"1 minut\" \/>\n<script type=\"application\/ld+json\" class=\"yoast-schema-graph\">{\"@context\":\"https:\\\/\\\/schema.org\",\"@graph\":[{\"@type\":\"Article\",\"@id\":\"https:\\\/\\\/irriga.es\\\/index.php\\\/2026\\\/09\\\/04\\\/tinvitem-a-la-fira-agrobiotech-a-lleida\\\/#article\",\"isPartOf\":{\"@id\":\"https:\\\/\\\/irriga.es\\\/index.php\\\/2026\\\/09\\\/04\\\/tinvitem-a-la-fira-agrobiotech-a-lleida\\\/\"},\"author\":{\"name\":\"admin\",\"@id\":\"https:\\\/\\\/irriga.es\\\/#\\\/schema\\\/person\\\/2e03b25021dadd87decc75d19eae47b2\"},\"headline\":\"T&#8217;invitem a la fira AGROBIOTECH a Lleida\",\"datePublished\":\"2026-09-04T11:36:31+00:00\",\"dateModified\":\"2026-09-04T12:35:07+00:00\",\"mainEntityOfPage\":{\"@id\":\"https:\\\/\\\/irriga.es\\\/index.php\\\/2026\\\/09\\\/04\\\/tinvitem-a-la-fira-agrobiotech-a-lleida\\\/\"},\"wordCount\":592,\"image\":{\"@id\":\"https:\\\/\\\/irriga.es\\\/index.php\\\/2026\\\/09\\\/04\\\/tinvitem-a-la-fira-agrobiotech-a-lleida\\\/#primaryimage\"},\"thumbnailUrl\":\"https:\\\/\\\/irriga.es\\\/wp-content\\\/uploads\\\/2026\\\/09\\\/IRRIGA-1.jpg\",\"articleSection\":[\"Corporatiu\"],\"inLanguage\":\"ca\"},{\"@type\":\"WebPage\",\"@id\":\"https:\\\/\\\/irriga.es\\\/index.php\\\/2026\\\/09\\\/04\\\/tinvitem-a-la-fira-agrobiotech-a-lleida\\\/\",\"url\":\"https:\\\/\\\/irriga.es\\\/index.php\\\/2026\\\/09\\\/04\\\/tinvitem-a-la-fira-agrobiotech-a-lleida\\\/\",\"name\":\"T'invitem a la fira AGROBIOTECH a Lleida - Irriga Water Solutions\",\"isPartOf\":{\"@id\":\"https:\\\/\\\/irriga.es\\\/#website\"},\"primaryImageOfPage\":{\"@id\":\"https:\\\/\\\/irriga.es\\\/index.php\\\/2026\\\/09\\\/04\\\/tinvitem-a-la-fira-agrobiotech-a-lleida\\\/#primaryimage\"},\"image\":{\"@id\":\"https:\\\/\\\/irriga.es\\\/index.php\\\/2026\\\/09\\\/04\\\/tinvitem-a-la-fira-agrobiotech-a-lleida\\\/#primaryimage\"},\"thumbnailUrl\":\"https:\\\/\\\/irriga.es\\\/wp-content\\\/uploads\\\/2026\\\/09\\\/IRRIGA-1.jpg\",\"datePublished\":\"2026-09-04T11:36:31+00:00\",\"dateModified\":\"2026-09-04T12:35:07+00:00\",\"author\":{\"@id\":\"https:\\\/\\\/irriga.es\\\/#\\\/schema\\\/person\\\/2e03b25021dadd87decc75d19eae47b2\"},\"description\":\"Els dies 27-29 d'octubre estarem a la fira Agrobiotech a Lleida. Contact'ans per rebre la teva invitaci\u00f3 gratu\u00efta!\",\"breadcrumb\":{\"@id\":\"https:\\\/\\\/irriga.es\\\/index.php\\\/2026\\\/09\\\/04\\\/tinvitem-a-la-fira-agrobiotech-a-lleida\\\/#breadcrumb\"},\"inLanguage\":\"ca\",\"potentialAction\":[{\"@type\":\"ReadAction\",\"target\":[\"https:\\\/\\\/irriga.es\\\/index.php\\\/2026\\\/09\\\/04\\\/tinvitem-a-la-fira-agrobiotech-a-lleida\\\/\"]}]},{\"@type\":\"ImageObject\",\"inLanguage\":\"ca\",\"@id\":\"https:\\\/\\\/irriga.es\\\/index.php\\\/2026\\\/09\\\/04\\\/tinvitem-a-la-fira-agrobiotech-a-lleida\\\/#primaryimage\",\"url\":\"https:\\\/\\\/irriga.es\\\/wp-content\\\/uploads\\\/2026\\\/09\\\/IRRIGA-1.jpg\",\"contentUrl\":\"https:\\\/\\\/irriga.es\\\/wp-content\\\/uploads\\\/2026\\\/09\\\/IRRIGA-1.jpg\",\"width\":800,\"height\":1000,\"caption\":\"fira Agrobiotech Lleida\"},{\"@type\":\"BreadcrumbList\",\"@id\":\"https:\\\/\\\/irriga.es\\\/index.php\\\/2026\\\/09\\\/04\\\/tinvitem-a-la-fira-agrobiotech-a-lleida\\\/#breadcrumb\",\"itemListElement\":[{\"@type\":\"ListItem\",\"position\":1,\"name\":\"Portada\",\"item\":\"https:\\\/\\\/irriga.es\\\/\"},{\"@type\":\"ListItem\",\"position\":2,\"name\":\"T&#8217;invitem a la fira AGROBIOTECH a Lleida\"}]},{\"@type\":\"WebSite\",\"@id\":\"https:\\\/\\\/irriga.es\\\/#website\",\"url\":\"https:\\\/\\\/irriga.es\\\/\",\"name\":\"Irriga Water Solutions\",\"description\":\"Sistemes de reg a mida \\\/\\\/ Obra hidr\u00e0ulica\",\"potentialAction\":[{\"@type\":\"SearchAction\",\"target\":{\"@type\":\"EntryPoint\",\"urlTemplate\":\"https:\\\/\\\/irriga.es\\\/?s={search_term_string}\"},\"query-input\":{\"@type\":\"PropertyValueSpecification\",\"valueRequired\":true,\"valueName\":\"search_term_string\"}}],\"inLanguage\":\"ca\"},{\"@type\":\"Person\",\"@id\":\"https:\\\/\\\/irriga.es\\\/#\\\/schema\\\/person\\\/2e03b25021dadd87decc75d19eae47b2\",\"name\":\"admin\",\"image\":{\"@type\":\"ImageObject\",\"inLanguage\":\"ca\",\"@id\":\"https:\\\/\\\/secure.gravatar.com\\\/avatar\\\/3d8771e958295f415804336505f0c6faebfe16c066754f8f90e0b5a1023ffc77?s=96&d=mm&r=g\",\"url\":\"https:\\\/\\\/secure.gravatar.com\\\/avatar\\\/3d8771e958295f415804336505f0c6faebfe16c066754f8f90e0b5a1023ffc77?s=96&d=mm&r=g\",\"contentUrl\":\"https:\\\/\\\/secure.gravatar.com\\\/avatar\\\/3d8771e958295f415804336505f0c6faebfe16c066754f8f90e0b5a1023ffc77?s=96&d=mm&r=g\",\"caption\":\"admin\"},\"url\":\"https:\\\/\\\/irriga.es\\\/index.php\\\/author\\\/gemma_by38mqt5\\\/\"}]}<\/script>\n<!-- \/ Yoast SEO plugin. -->","yoast_head_json":{"title":"T'invitem a la fira AGROBIOTECH a Lleida - Irriga Water Solutions","description":"Els dies 27-29 d'octubre estarem a la fira Agrobiotech a Lleida. Contact'ans per rebre la teva invitaci\u00f3 gratu\u00efta!","robots":{"index":"index","follow":"follow","max-snippet":"max-snippet:-1","max-image-preview":"max-image-preview:large","max-video-preview":"max-video-preview:-1"},"canonical":"https:\/\/irriga.es\/index.php\/2026\/09\/04\/tinvitem-a-la-fira-agrobiotech-a-lleida\/","og_locale":"ca_ES","og_type":"article","og_title":"T'invitem a la fira AGROBIOTECH a Lleida - Irriga Water Solutions","og_description":"Els dies 27-29 d'octubre estarem a la fira Agrobiotech a Lleida. Contact'ans per rebre la teva invitaci\u00f3 gratu\u00efta!","og_url":"https:\/\/irriga.es\/index.php\/2026\/09\/04\/tinvitem-a-la-fira-agrobiotech-a-lleida\/","og_site_name":"Irriga Water Solutions","article_published_time":"2026-09-04T11:36:31+00:00","article_modified_time":"2026-09-04T12:35:07+00:00","og_image":[{"width":800,"height":1000,"url":"https:\/\/irriga.es\/wp-content\/uploads\/2026\/09\/IRRIGA-1.jpg","type":"image\/jpeg"}],"author":"admin","twitter_card":"summary_large_image","twitter_misc":{"Escrit per":"admin","Temps estimat de lectura":"1 minut"},"schema":{"@context":"https:\/\/schema.org","@graph":[{"@type":"Article","@id":"https:\/\/irriga.es\/index.php\/2026\/09\/04\/tinvitem-a-la-fira-agrobiotech-a-lleida\/#article","isPartOf":{"@id":"https:\/\/irriga.es\/index.php\/2026\/09\/04\/tinvitem-a-la-fira-agrobiotech-a-lleida\/"},"author":{"name":"admin","@id":"https:\/\/irriga.es\/#\/schema\/person\/2e03b25021dadd87decc75d19eae47b2"},"headline":"T&#8217;invitem a la fira AGROBIOTECH a Lleida","datePublished":"2026-09-04T11:36:31+00:00","dateModified":"2026-09-04T12:35:07+00:00","mainEntityOfPage":{"@id":"https:\/\/irriga.es\/index.php\/2026\/09\/04\/tinvitem-a-la-fira-agrobiotech-a-lleida\/"},"wordCount":592,"image":{"@id":"https:\/\/irriga.es\/index.php\/2026\/09\/04\/tinvitem-a-la-fira-agrobiotech-a-lleida\/#primaryimage"},"thumbnailUrl":"https:\/\/irriga.es\/wp-content\/uploads\/2026\/09\/IRRIGA-1.jpg","articleSection":["Corporatiu"],"inLanguage":"ca"},{"@type":"WebPage","@id":"https:\/\/irriga.es\/index.php\/2026\/09\/04\/tinvitem-a-la-fira-agrobiotech-a-lleida\/","url":"https:\/\/irriga.es\/index.php\/2026\/09\/04\/tinvitem-a-la-fira-agrobiotech-a-lleida\/","name":"T'invitem a la fira AGROBIOTECH a Lleida - Irriga Water Solutions","isPartOf":{"@id":"https:\/\/irriga.es\/#website"},"primaryImageOfPage":{"@id":"https:\/\/irriga.es\/index.php\/2026\/09\/04\/tinvitem-a-la-fira-agrobiotech-a-lleida\/#primaryimage"},"image":{"@id":"https:\/\/irriga.es\/index.php\/2026\/09\/04\/tinvitem-a-la-fira-agrobiotech-a-lleida\/#primaryimage"},"thumbnailUrl":"https:\/\/irriga.es\/wp-content\/uploads\/2026\/09\/IRRIGA-1.jpg","datePublished":"2026-09-04T11:36:31+00:00","dateModified":"2026-09-04T12:35:07+00:00","author":{"@id":"https:\/\/irriga.es\/#\/schema\/person\/2e03b25021dadd87decc75d19eae47b2"},"description":"Els dies 27-29 d'octubre estarem a la fira Agrobiotech a Lleida. Contact'ans per rebre la teva invitaci\u00f3 gratu\u00efta!","breadcrumb":{"@id":"https:\/\/irriga.es\/index.php\/2026\/09\/04\/tinvitem-a-la-fira-agrobiotech-a-lleida\/#breadcrumb"},"inLanguage":"ca","potentialAction":[{"@type":"ReadAction","target":["https:\/\/irriga.es\/index.php\/2026\/09\/04\/tinvitem-a-la-fira-agrobiotech-a-lleida\/"]}]},{"@type":"ImageObject","inLanguage":"ca","@id":"https:\/\/irriga.es\/index.php\/2026\/09\/04\/tinvitem-a-la-fira-agrobiotech-a-lleida\/#primaryimage","url":"https:\/\/irriga.es\/wp-content\/uploads\/2026\/09\/IRRIGA-1.jpg","contentUrl":"https:\/\/irriga.es\/wp-content\/uploads\/2026\/09\/IRRIGA-1.jpg","width":800,"height":1000,"caption":"fira Agrobiotech Lleida"},{"@type":"BreadcrumbList","@id":"https:\/\/irriga.es\/index.php\/2026\/09\/04\/tinvitem-a-la-fira-agrobiotech-a-lleida\/#breadcrumb","itemListElement":[{"@type":"ListItem","position":1,"name":"Portada","item":"https:\/\/irriga.es\/"},{"@type":"ListItem","position":2,"name":"T&#8217;invitem a la fira AGROBIOTECH a Lleida"}]},{"@type":"WebSite","@id":"https:\/\/irriga.es\/#website","url":"https:\/\/irriga.es\/","name":"Irriga Water Solutions","description":"Sistemes de reg a mida \/\/ Obra hidr\u00e0ulica","potentialAction":[{"@type":"SearchAction","target":{"@type":"EntryPoint","urlTemplate":"https:\/\/irriga.es\/?s={search_term_string}"},"query-input":{"@type":"PropertyValueSpecification","valueRequired":true,"valueName":"search_term_string"}}],"inLanguage":"ca"},{"@type":"Person","@id":"https:\/\/irriga.es\/#\/schema\/person\/2e03b25021dadd87decc75d19eae47b2","name":"admin","image":{"@type":"ImageObject","inLanguage":"ca","@id":"https:\/\/secure.gravatar.com\/avatar\/3d8771e958295f415804336505f0c6faebfe16c066754f8f90e0b5a1023ffc77?s=96&d=mm&r=g","url":"https:\/\/secure.gravatar.com\/avatar\/3d8771e958295f415804336505f0c6faebfe16c066754f8f90e0b5a1023ffc77?s=96&d=mm&r=g","contentUrl":"https:\/\/secure.gravatar.com\/avatar\/3d8771e958295f415804336505f0c6faebfe16c066754f8f90e0b5a1023ffc77?s=96&d=mm&r=g","caption":"admin"},"url":"https:\/\/irriga.es\/index.php\/author\/gemma_by38mqt5\/"}]}},"_links":{"self":[{"href":"https:\/\/irriga.es\/index.php\/wp-json\/wp\/v2\/posts\/8268","targetHints":{"allow":["GET"]}}],"collection":[{"href":"https:\/\/irriga.es\/index.php\/wp-json\/wp\/v2\/posts"}],"about":[{"href":"https:\/\/irriga.es\/index.php\/wp-json\/wp\/v2\/types\/post"}],"author":[{"embeddable":true,"href":"https:\/\/irriga.es\/index.php\/wp-json\/wp\/v2\/users\/1"}],"replies":[{"embeddable":true,"href":"https:\/\/irriga.es\/index.php\/wp-json\/wp\/v2\/comments?post=8268"}],"version-history":[{"count":7,"href":"https:\/\/irriga.es\/index.php\/wp-json\/wp\/v2\/posts\/8268\/revisions"}],"predecessor-version":[{"id":8299,"href":"https:\/\/irriga.es\/index.php\/wp-json\/wp\/v2\/posts\/8268\/revisions\/8299"}],"wp:featuredmedia":[{"embeddable":true,"href":"https:\/\/irriga.es\/index.php\/wp-json\/wp\/v2\/media\/8270"}],"wp:attachment":[{"href":"https:\/\/irriga.es\/index.php\/wp-json\/wp\/v2\/media?parent=8268"}],"wp:term":[{"taxonomy":"category","embeddable":true,"href":"https:\/\/irriga.es\/index.php\/wp-json\/wp\/v2\/categories?post=8268"},{"taxonomy":"post_tag","embeddable":true,"href":"https:\/\/irriga.es\/index.php\/wp-json\/wp\/v2\/tags?post=8268"}],"curies":[{"name":"wp","href":"https:\/\/api.w.org\/{rel}","templated":true}]}}